{"id":28230,"date":"2024-04-04T14:46:04","date_gmt":"2024-04-04T14:46:04","guid":{"rendered":"https:\/\/nectanet.de\/lassociation-des-commercants-prend-son-elan\/"},"modified":"2024-07-29T12:19:18","modified_gmt":"2024-07-29T12:19:18","slug":"lassociation-des-commercants-prend-son-elan","status":"publish","type":"post","link":"https:\/\/nectanet.de\/fr\/lassociation-des-commercants-prend-son-elan\/","title":{"rendered":"L&#8217;association des commer\u00e7ants prend son \u00e9lan"},"content":{"rendered":"\t\t<div data-elementor-type=\"wp-post\" data-elementor-id=\"28230\" class=\"elementor elementor-28230 elementor-28217\" data-elementor-post-type=\"post\">\n\t\t\t\t<div class=\"elementor-element elementor-element-7a184ca e-flex e-con-boxed e-con e-parent\" data-id=\"7a184ca\" data-element_type=\"container\">\n\t\t\t\t\t<div class=\"e-con-inner\">\n\t\t\t\t<div class=\"elementor-element elementor-element-2f4832c elementor-widget elementor-widget-theme-post-title elementor-page-title elementor-widget-heading\" data-id=\"2f4832c\" data-element_type=\"widget\" data-widget_type=\"theme-post-title.default\">\n\t\t\t\t<div class=\"elementor-widget-container\">\n\t\t\t<h2 class=\"elementor-heading-title elementor-size-default\">L&#8217;association des commer\u00e7ants prend son \u00e9lan<\/h2>\t\t<\/div>\n\t\t\t\t<\/div>\n\t\t\t\t<div class=\"elementor-element elementor-element-b37baf7 elementor-widget elementor-widget-spacer\" data-id=\"b37baf7\" data-element_type=\"widget\" data-widget_type=\"spacer.default\">\n\t\t\t\t<div class=\"elementor-widget-container\">\n\t\t\t\t\t<div class=\"elementor-spacer\">\n\t\t\t<div class=\"elementor-spacer-inner\"><\/div>\n\t\t<\/div>\n\t\t\t\t<\/div>\n\t\t\t\t<\/div>\n\t\t\t\t<div class=\"elementor-element elementor-element-f8eedfb elementor-widget elementor-widget-text-editor\" data-id=\"f8eedfb\" data-element_type=\"widget\" data-widget_type=\"text-editor.default\">\n\t\t\t\t<div class=\"elementor-widget-container\">\n\t\t\t\t\t\t\t<p><strong>Oberwolfach.<\/strong>  Selon son pr\u00e9sident Stefan Junghanns, l&#8217;association des commer\u00e7ants se concentre sur la relance d&#8217;un \u00e9v\u00e9nement culinaire et sur les pr\u00e9paratifs de l&#8217;anniversaire de la commune l&#8217;ann\u00e9e prochaine. Apr\u00e8s sa premi\u00e8re ann\u00e9e de pr\u00e9sidence, Junghanns a \u00e9t\u00e9 heureux d&#8217;accueillir de nombreux membres lors de l&#8217;assembl\u00e9e g\u00e9n\u00e9rale qui s&#8217;est tenue lundi dernier \u00e0 l&#8217;auberge &#8220;Walkenstein&#8221;. L&#8217;invit\u00e9 \u00e9tait Dominik Fehringer, directeur de Nectanet, qui a donn\u00e9 une conf\u00e9rence sur les d\u00e9fis \u00e9conomiques de la r\u00e9gion.<br \/>Apr\u00e8s la p\u00e9riode de Corona qui a paralys\u00e9 de nombreuses activit\u00e9s, le comit\u00e9 directeur souhaite \u00e0 nouveau essayer de mettre sur pied une f\u00eate culinaire ou une randonn\u00e9e \u00e9v\u00e9nementielle en commun. L&#8217;ann\u00e9e derni\u00e8re, les membres avaient visit\u00e9 la mine Klara et suivi un cours de premiers secours. Nous voulons continuer \u00e0 le proposer une fois par an, a d\u00e9clar\u00e9 M. Junghanns. Les pr\u00e9paratifs pour l&#8217;ann\u00e9e du jubil\u00e9 commencent \u00e9galement au sein de l&#8217;association des commer\u00e7ants. En outre, le comit\u00e9 directeur souhaite faire preuve de plus d&#8217;engagement social. L&#8217;ann\u00e9e derni\u00e8re, 5000 euros ont \u00e9t\u00e9 vers\u00e9s \u00e0 l&#8217;association de soutien de l&#8217;\u00e9cole Wolftalschule et \u00e0 l&#8217;association de soutien de l&#8217;h\u00f4pital.  <br \/>Lors de la r\u00e9trospective, Junghanns a \u00e9galement \u00e9voqu\u00e9 la carte du patrimoine. &#8220;Le Heimatk\u00e4rtle s&#8217;est extr\u00eamement bien \u00e9tabli, beaucoup d&#8217;argent reste ici dans la r\u00e9gion&#8221;, a-t-il d\u00e9clar\u00e9. Actuellement, 93 entreprises partenaires dans huit communes en font partie, ainsi que 77 employeurs qui offrent des avantages en nature exon\u00e9r\u00e9s d&#8217;imp\u00f4ts \u00e0 plus de 2500 collaborateurs via la variante Job Plus. Jusqu&#8217;\u00e0 pr\u00e9sent, 18.710 bons ont \u00e9t\u00e9 utilis\u00e9s, pour une valeur d&#8217;environ 550.000 euros. Pr\u00e8s de 654.000 euros sont actuellement en circulation et peuvent \u00eatre \u00e9chang\u00e9s dans les entreprises partenaires. &#8220;Ce qui se passe est une belle r\u00e9ussite et un bon projet qui met en r\u00e9seau les associations de commer\u00e7ants et les communes&#8221;, a d\u00e9clar\u00e9 Junghanns. La caissi\u00e8re Lisa Stehle a rendu compte des finances de l&#8217;association et les contr\u00f4leurs de caisse Christa Mayer et Monika Bonath ont attest\u00e9 de sa parfaite gestion. Le maire Matthias Bauernfeind a remerci\u00e9 l&#8217;association pour son engagement. &#8220;Nous avons toujours besoin de bonnes id\u00e9es et d&#8217;impulsions pour la vie ici&#8221;. La commune s&#8217;efforce toujours de cr\u00e9er de bonnes conditions et une bonne infrastructure pour que les gens s&#8217;y sentent bien, mais les plus grands d\u00e9fis actuels sont la p\u00e9nurie de main-d&#8217;\u0153uvre et de logements.<br \/>Dans son expos\u00e9, Dominik Fehringer a parl\u00e9 des missions et des d\u00e9fis de la &#8220;Black Forest Power Region&#8221; et a r\u00e9pondu aux questions. La mission centrale du r\u00e9seau Nectanet est le marketing r\u00e9gional et la promotion \u00e9conomique. En t\u00eate de l&#8217;agenda figurent le recrutement de main-d&#8217;\u0153uvre<br \/>et le soutien aux cr\u00e9ateurs d&#8217;entreprise dans la r\u00e9gion. &#8220;Nous avons besoin d&#8217;une main-d&#8217;\u0153uvre qualifi\u00e9e et c&#8217;est l\u00e0 que nous sommes sur la sc\u00e8ne internationale&#8221;, a d\u00e9clar\u00e9 M. Fehringer. En guise de conseil aux membres, il a d\u00e9clar\u00e9 : &#8220;Ce qu&#8217;il ne faut surtout pas manquer, c&#8217;est le d\u00e9veloppement num\u00e9rique et l&#8217;int\u00e9gration d&#8217;une IA&#8221;. Les membres d&#8217;Oberwolfach se sont \u00e9galement pench\u00e9s sur le th\u00e8me du d\u00e9veloppement du haut d\u00e9bit.<\/p>\n<p>Un article de la Mittelbadische Presse \/ Berit Hohenstein.<br \/>https:\/\/mittelbadische.de\/<\/p>\n\t\t\t\t\t\t<\/div>\n\t\t\t\t<\/div>\n\t\t\t\t\t<\/div>\n\t\t\t\t<\/div>\n\t\t<div class=\"elementor-element elementor-element-5821754 e-flex e-con-boxed e-con e-parent\" data-id=\"5821754\" data-element_type=\"container\">\n\t\t\t\t\t<div class=\"e-con-inner\">\n\t\t\t\t<div class=\"elementor-element elementor-element-f226672 elementor-widget elementor-widget-ld_gallery\" data-id=\"f226672\" data-element_type=\"widget\" data-widget_type=\"ld_gallery.default\">\n\t\t\t\t<div class=\"elementor-widget-container\">\n\t\t\t\n\t\t<div class=\"lqd-img-gal\">\n\n\t\t\t<div class=\"lqd-img-gal-imgs\">\n\n\t\t\t\t<div class=\"carousel-container pos-rel carousel-nav-floated carousel-nav-center carousel-nav-middle carousel-nav-lg carousel-nav-solid carousel-nav-circle carousel-nav-appear-onhover carousel-dots-mobile-inside\">\n\t\t\t\t\t<div class=\"carousel-items pos-rel\" data-lqd-flickity='{ \"prevNextButtons\": true, \"navArrow\": \"6\", \"parallax\": true, \"adaptiveHeight\": true }' id=\"lqd-image-gallery-f226672main-carousel\">\n\n\t\t\t\t\t\t<div class=\"flickity-viewport pos-rel w-100 overflow-hidden\">\n\t\t\t\t\t\t\t<div class=\"flickity-slider d-flex w-100 h-100 pos-rel\" style=\"left: 0; transform: translateX(0%);\">\n\n\t\t\t\t\t\t\t\t\n\t\t\t\t\t\t\t<\/div>\n\t\t\t\t\t\t<\/div>\n\t\t\t\t\t<\/div>\n\t\t\t\t<\/div>\n\n\t\t\t<\/div>\n\n\t\t\t<div class=\"lqd-img-gal-thumbs\">\n\n\t\t\t\t<div class=\"carousel-container\">\n\t\t\t\t\t<div class=\"carousel-items pos-rel\" data-lqd-flickity='{ \"contain\": false, \"pageDots\": false, \"asNavFor\": \"#lqd-image-gallery-f226672main-carousel\" }'>\n\n\t\t\t\t\t\t<div class=\"flickity-viewport pos-rel w-100 overflow-hidden\">\n\t\t\t\t\t\t\t<div class=\"flickity-slider d-flex w-100 h-100 pos-rel\" style=\"left: 0; transform: translateX(0%);\">\n\n\t\t\t\t\t\t\t\t\n\t\t\t\t\t\t\t<\/div>\n\t\t\t\t\t\t<\/div>\n\t\t\t\t\t<\/div>\n\t\t\t\t<\/div>\n\n\t\t\t<\/div>\n\n\t\t<\/div>\n\n\t\t\t\t<\/div>\n\t\t\t\t<\/div>\n\t\t\t\t\t<\/div>\n\t\t\t\t<\/div>\n\t\t<div class=\"elementor-element elementor-element-4052caa e-flex e-con-boxed e-con e-parent\" data-id=\"4052caa\" data-element_type=\"container\">\n\t\t\t\t\t<div class=\"e-con-inner\">\n\t\t\t\t<div class=\"elementor-element elementor-element-9eb645c elementor-post-navigation-borders-yes elementor-widget elementor-widget-post-navigation\" data-id=\"9eb645c\" data-element_type=\"widget\" data-widget_type=\"post-navigation.default\">\n\t\t\t\t<div class=\"elementor-widget-container\">\n\t\t\t\t\t<div class=\"elementor-post-navigation\">\n\t\t\t<div class=\"elementor-post-navigation__prev elementor-post-navigation__link\">\n\t\t\t\t<a href=\"https:\/\/nectanet.de\/fr\/nectanet-sengage-pour-la-protection-du-climat\/\" rel=\"prev\"><span class=\"elementor-post-navigation__link__prev\"><span class=\"post-navigation__prev--label\">Pr\u00e9c\u00e9dent<\/span><span class=\"post-navigation__prev--title\">nectanet s&#8217;engage pour la protection du climat<\/span><\/span><\/a>\t\t\t<\/div>\n\t\t\t\t\t\t\t<div class=\"elementor-post-navigation__separator-wrapper\">\n\t\t\t\t\t<div class=\"elementor-post-navigation__separator\"><\/div>\n\t\t\t\t<\/div>\n\t\t\t\t\t\t<div class=\"elementor-post-navigation__next elementor-post-navigation__link\">\n\t\t\t\t<a href=\"https:\/\/nectanet.de\/fr\/nectanet-sur-la-scene-internationale\/\" rel=\"next\"><span class=\"elementor-post-navigation__link__next\"><span class=\"post-navigation__next--label\">Prochain<\/span><span class=\"post-navigation__next--title\">nectanet sur la sc\u00e8ne internationale<\/span><\/span><\/a>\t\t\t<\/div>\n\t\t<\/div>\n\t\t\t\t<\/div>\n\t\t\t\t<\/div>\n\t\t\t\t\t<\/div>\n\t\t\t\t<\/div>\n\t\t\t\t<\/div>\n\t\t","protected":false},"excerpt":{"rendered":"<p>Oberwolfach. Selon son pr\u00e9sident Stefan Junghanns, l&#8217;association des commer\u00e7ants se concentre sur la relance d&#8217;un \u00e9v\u00e9nement culinaire et sur les pr\u00e9paratifs de l&#8217;anniversaire de la commune l&#8217;ann\u00e9e prochaine. Apr\u00e8s sa premi\u00e8re ann\u00e9e de pr\u00e9sidence, Junghanns a \u00e9t\u00e9 heureux d&#8217;accueillir de nombreux membres lors de l&#8217;assembl\u00e9e g\u00e9n\u00e9rale qui s&#8217;est tenue lundi dernier \u00e0 l&#8217;auberge &#8220;Walkenstein&#8221;. L&#8217;invit\u00e9 [&hellip;]<\/p>\n","protected":false},"author":1,"featured_media":28227,"comment_status":"closed","ping_status":"closed","sticky":false,"template":"","format":"standard","meta":{"_acf_changed":false,"footnotes":""},"categories":[179],"tags":[],"class_list":["post-28230","post","type-post","status-publish","format-standard","has-post-thumbnail","hentry","category-communiques-de-presse"],"acf":[],"aioseo_notices":[],"_links":{"self":[{"href":"https:\/\/nectanet.de\/fr\/wp-json\/wp\/v2\/posts\/28230","targetHints":{"allow":["GET"]}}],"collection":[{"href":"https:\/\/nectanet.de\/fr\/wp-json\/wp\/v2\/posts"}],"about":[{"href":"https:\/\/nectanet.de\/fr\/wp-json\/wp\/v2\/types\/post"}],"author":[{"embeddable":true,"href":"https:\/\/nectanet.de\/fr\/wp-json\/wp\/v2\/users\/1"}],"replies":[{"embeddable":true,"href":"https:\/\/nectanet.de\/fr\/wp-json\/wp\/v2\/comments?post=28230"}],"version-history":[{"count":3,"href":"https:\/\/nectanet.de\/fr\/wp-json\/wp\/v2\/posts\/28230\/revisions"}],"predecessor-version":[{"id":28519,"href":"https:\/\/nectanet.de\/fr\/wp-json\/wp\/v2\/posts\/28230\/revisions\/28519"}],"wp:featuredmedia":[{"embeddable":true,"href":"https:\/\/nectanet.de\/fr\/wp-json\/wp\/v2\/media\/28227"}],"wp:attachment":[{"href":"https:\/\/nectanet.de\/fr\/wp-json\/wp\/v2\/media?parent=28230"}],"wp:term":[{"taxonomy":"category","embeddable":true,"href":"https:\/\/nectanet.de\/fr\/wp-json\/wp\/v2\/categories?post=28230"},{"taxonomy":"post_tag","embeddable":true,"href":"https:\/\/nectanet.de\/fr\/wp-json\/wp\/v2\/tags?post=28230"}],"curies":[{"name":"wp","href":"https:\/\/api.w.org\/{rel}","templated":true}]}}