{"id":29163,"date":"2025-07-09T10:19:15","date_gmt":"2025-07-09T10:19:15","guid":{"rendered":"https:\/\/nectanet.de\/?p=29163"},"modified":"2025-07-09T10:19:27","modified_gmt":"2025-07-09T10:19:27","slug":"eu-specialists-for-the-ortenau-region-2","status":"publish","type":"post","link":"https:\/\/nectanet.de\/en\/eu-specialists-for-the-ortenau-region-2\/","title":{"rendered":"Hidden champions"},"content":{"rendered":"\t\t<div data-elementor-type=\"wp-post\" data-elementor-id=\"29163\" class=\"elementor elementor-29163\" data-elementor-post-type=\"post\">\n\t\t\t\t<div class=\"elementor-element elementor-element-7a184ca e-flex e-con-boxed e-con e-parent\" data-id=\"7a184ca\" data-element_type=\"container\">\n\t\t\t\t\t<div class=\"e-con-inner\">\n\t\t\t\t<div class=\"elementor-element elementor-element-2f4832c elementor-widget elementor-widget-theme-post-title elementor-page-title elementor-widget-heading\" data-id=\"2f4832c\" data-element_type=\"widget\" data-widget_type=\"theme-post-title.default\">\n\t\t\t\t<div class=\"elementor-widget-container\">\n\t\t\t<h2 class=\"elementor-heading-title elementor-size-default\">Hidden champions<\/h2>\t\t<\/div>\n\t\t\t\t<\/div>\n\t\t\t\t<div class=\"elementor-element elementor-element-b37baf7 elementor-widget elementor-widget-spacer\" data-id=\"b37baf7\" data-element_type=\"widget\" data-widget_type=\"spacer.default\">\n\t\t\t\t<div class=\"elementor-widget-container\">\n\t\t\t\t\t<div class=\"elementor-spacer\">\n\t\t\t<div class=\"elementor-spacer-inner\"><\/div>\n\t\t<\/div>\n\t\t\t\t<\/div>\n\t\t\t\t<\/div>\n\t\t\t\t<div class=\"elementor-element elementor-element-f8eedfb elementor-widget elementor-widget-text-editor\" data-id=\"f8eedfb\" data-element_type=\"widget\" data-widget_type=\"text-editor.default\">\n\t\t\t\t<div class=\"elementor-widget-container\">\n\t\t\t\t\t\t\t\n<p>Mit der Wirtschaftsdelegation nach Brasilien setzte nectanet einen weiteren Akzent im internationalen Standortmarketing. Eine 25k\u00f6pfige Delegation aus Wirtschaft und Politik bereiste zur Markterkundung die gr\u00f6\u00dfte Volkswirtschaft S\u00fcdamerikas. Zwei Gouverneure (Sao Paulo &amp; Amazonien), die Staatssekret\u00e4rin f\u00fcr Internationales im Wirtschaftsministerium, der Direktor der gr\u00f6\u00dften Investmentbank S\u00fcdamerikas, mehrere Parlamentarier, die Spitzen der Industrie- und Wirtschaftsverb\u00e4nde sowie der deutsche Botschafter und die Generalkonsulin \u2013 den 25 Teilnehmern unserer Delegation \u00f6ffneten sich die T\u00fcren zu den wichtigsten Einrichtungen des Landes. Die von nectanet organisierten und geleiteten Delegation wurde von der nectanet- Beiratsvorsitzenden Brigitta Schrempp geleitet. Die Unternehmerschaft wurde flankierend von politischen Mandatstr\u00e4gern begleitet. Dazu geh\u00f6rten die beiden Bundestagsabgeordneten Yannick Bury und Johannes Fechner sowie als Mitglied der Landesregierung Staatssekret\u00e4r und Landtagsabgeordneter Volker Schebesta. Auch Landrat Frank Scherer sowie die Oberb\u00fcrgermeister Markus Ibert, Lahr (Aufsichtsratsvorsitzender von nectanet) und Klaus Muttach, Achern, st\u00e4rkten mit ihrer Teilnahme der Wirtschaftsdelegation den R\u00fccken.<\/p>\n\t\t\t\t\t\t<\/div>\n\t\t\t\t<\/div>\n\t\t\t\t\t<\/div>\n\t\t\t\t<\/div>\n\t\t<div class=\"elementor-element elementor-element-5821754 e-flex e-con-boxed e-con e-parent\" data-id=\"5821754\" data-element_type=\"container\">\n\t\t\t\t\t<div class=\"e-con-inner\">\n\t\t\t\t<div class=\"elementor-element elementor-element-f226672 elementor-widget elementor-widget-ld_gallery\" data-id=\"f226672\" data-element_type=\"widget\" data-widget_type=\"ld_gallery.default\">\n\t\t\t\t<div class=\"elementor-widget-container\">\n\t\t\t\n\t\t<div class=\"lqd-img-gal\">\n\n\t\t\t<div class=\"lqd-img-gal-imgs\">\n\n\t\t\t\t<div class=\"carousel-container pos-rel carousel-nav-floated carousel-nav-center carousel-nav-middle carousel-nav-lg carousel-nav-solid carousel-nav-circle carousel-nav-appear-onhover carousel-dots-mobile-inside\">\n\t\t\t\t\t<div class=\"carousel-items pos-rel\" data-lqd-flickity='{ \"prevNextButtons\": true, \"navArrow\": \"6\", \"parallax\": true, \"adaptiveHeight\": true }' id=\"lqd-image-gallery-f226672main-carousel\">\n\n\t\t\t\t\t\t<div class=\"flickity-viewport pos-rel w-100 overflow-hidden\">\n\t\t\t\t\t\t\t<div class=\"flickity-slider d-flex w-100 h-100 pos-rel\" style=\"left: 0; transform: translateX(0%);\">\n\n\t\t\t\t\t\t\t\t\t\t\t\t\t\t\t\t<div class=\"carousel-item d-flex flex-column justify-content-center w-100 flex-auto has-one-child\">\n\t\t\t\t\t\t\t\t\t<div class=\"carousel-item-inner pos-rel w-100\">\n\t\t\t\t\t\t\t\t\t\t<div class=\"carousel-item-content pos-rel w-100\">\n\t\t\t\t\t\t\t\t\t\t\t<figure class=\"w-100\">\n\t\t\t\t\t\t\t\t\t\t\t\t<img fetchpriority=\"high\" decoding=\"async\" width=\"1000\" height=\"667\" src=\"https:\/\/nectanet.de\/wp-content\/uploads\/2023\/11\/Bild-4_-BTG.jpg\" class=\"w-100\" alt=\"besprechung konferenzraum teilnehmer delegationsreise brasilien\" srcset=\"https:\/\/nectanet.de\/wp-content\/uploads\/2023\/11\/Bild-4_-BTG.jpg 1000w, https:\/\/nectanet.de\/wp-content\/uploads\/2023\/11\/Bild-4_-BTG-300x200.jpg 300w\" sizes=\"(max-width: 1000px) 100vw, 1000px\" itemprop=\"image\" \/>\t\t\t\t\t\t\t\t\t\t\t<\/figure>\n\t\t\t\t\t\t\t\t\t\t<\/div>\n\t\t\t\t\t\t\t\t\t<\/div>\n\t\t\t\t\t\t\t\t<\/div>\n\t\t\t\t\t\t\t\t\t\t\t\t\t\t\t\t<div class=\"carousel-item d-flex flex-column justify-content-center w-100 flex-auto has-one-child\">\n\t\t\t\t\t\t\t\t\t<div class=\"carousel-item-inner pos-rel w-100\">\n\t\t\t\t\t\t\t\t\t\t<div class=\"carousel-item-content pos-rel w-100\">\n\t\t\t\t\t\t\t\t\t\t\t<figure class=\"w-100\">\n\t\t\t\t\t\t\t\t\t\t\t\t<img decoding=\"async\" width=\"1000\" height=\"667\" src=\"data:image\/svg+xml;charset=utf-8,%3Csvg xmlns%3D&#039;http%3A%2F%2Fwww.w3.org%2F2000%2Fsvg&#039; viewBox%3D&#039;0 0 1000 667&#039;%2F%3E\" class=\"w-100 ld-lazyload\" alt=\"gruppenbild teilnehmer delegationsreise brasilien\" itemprop=\"image\" data-src=\"https:\/\/nectanet.de\/wp-content\/uploads\/2023\/11\/Bild-2_RCGI.jpg\" data-srcset=\"https:\/\/nectanet.de\/wp-content\/uploads\/2023\/11\/Bild-2_RCGI.jpg 1000w, https:\/\/nectanet.de\/wp-content\/uploads\/2023\/11\/Bild-2_RCGI-300x200.jpg 300w\" data-sizes=\"(max-width: 1000px) 100vw, 1000px\" data-aspect=\"1.4992503748126\" \/>\t\t\t\t\t\t\t\t\t\t\t<\/figure>\n\t\t\t\t\t\t\t\t\t\t<\/div>\n\t\t\t\t\t\t\t\t\t<\/div>\n\t\t\t\t\t\t\t\t<\/div>\n\t\t\t\t\t\t\t\t\t\t\t\t\t\t\t\t<div class=\"carousel-item d-flex flex-column justify-content-center w-100 flex-auto has-one-child\">\n\t\t\t\t\t\t\t\t\t<div class=\"carousel-item-inner pos-rel w-100\">\n\t\t\t\t\t\t\t\t\t\t<div class=\"carousel-item-content pos-rel w-100\">\n\t\t\t\t\t\t\t\t\t\t\t<figure class=\"w-100\">\n\t\t\t\t\t\t\t\t\t\t\t\t<img decoding=\"async\" width=\"1000\" height=\"667\" src=\"data:image\/svg+xml;charset=utf-8,%3Csvg xmlns%3D&#039;http%3A%2F%2Fwww.w3.org%2F2000%2Fsvg&#039; viewBox%3D&#039;0 0 1000 667&#039;%2F%3E\" class=\"w-100 ld-lazyload\" alt=\"gruppenbild teilnehmer delegationsreise brasilien\" itemprop=\"image\" data-src=\"https:\/\/nectanet.de\/wp-content\/uploads\/2023\/11\/Bild-16_Governeur-von-Manaus.jpg\" data-srcset=\"https:\/\/nectanet.de\/wp-content\/uploads\/2023\/11\/Bild-16_Governeur-von-Manaus.jpg 1000w, https:\/\/nectanet.de\/wp-content\/uploads\/2023\/11\/Bild-16_Governeur-von-Manaus-300x200.jpg 300w\" data-sizes=\"(max-width: 1000px) 100vw, 1000px\" data-aspect=\"1.4992503748126\" \/>\t\t\t\t\t\t\t\t\t\t\t<\/figure>\n\t\t\t\t\t\t\t\t\t\t<\/div>\n\t\t\t\t\t\t\t\t\t<\/div>\n\t\t\t\t\t\t\t\t<\/div>\n\t\t\t\t\t\t\t\t\t\t\t\t\t\t\t\t<div class=\"carousel-item d-flex flex-column justify-content-center w-100 flex-auto has-one-child\">\n\t\t\t\t\t\t\t\t\t<div class=\"carousel-item-inner pos-rel w-100\">\n\t\t\t\t\t\t\t\t\t\t<div class=\"carousel-item-content pos-rel w-100\">\n\t\t\t\t\t\t\t\t\t\t\t<figure class=\"w-100\">\n\t\t\t\t\t\t\t\t\t\t\t\t<img loading=\"lazy\" decoding=\"async\" width=\"1000\" height=\"667\" src=\"data:image\/svg+xml;charset=utf-8,%3Csvg xmlns%3D&#039;http%3A%2F%2Fwww.w3.org%2F2000%2Fsvg&#039; viewBox%3D&#039;0 0 1000 667&#039;%2F%3E\" class=\"w-100 ld-lazyload\" alt=\"teilnehmer delehgationsreise brasilien beim botschafter thoms\" itemprop=\"image\" data-src=\"https:\/\/nectanet.de\/wp-content\/uploads\/2023\/11\/Bild-13-Botschafter_Thoms.jpg\" data-srcset=\"https:\/\/nectanet.de\/wp-content\/uploads\/2023\/11\/Bild-13-Botschafter_Thoms.jpg 1000w, https:\/\/nectanet.de\/wp-content\/uploads\/2023\/11\/Bild-13-Botschafter_Thoms-300x200.jpg 300w\" data-sizes=\"(max-width: 1000px) 100vw, 1000px\" data-aspect=\"1.4992503748126\" \/>\t\t\t\t\t\t\t\t\t\t\t<\/figure>\n\t\t\t\t\t\t\t\t\t\t<\/div>\n\t\t\t\t\t\t\t\t\t<\/div>\n\t\t\t\t\t\t\t\t<\/div>\n\t\t\t\t\t\t\t\t\n\t\t\t\t\t\t\t<\/div>\n\t\t\t\t\t\t<\/div>\n\t\t\t\t\t<\/div>\n\t\t\t\t<\/div>\n\n\t\t\t<\/div>\n\n\t\t\t<div class=\"lqd-img-gal-thumbs\">\n\n\t\t\t\t<div class=\"carousel-container\">\n\t\t\t\t\t<div class=\"carousel-items pos-rel\" data-lqd-flickity='{ \"contain\": false, \"pageDots\": false, \"asNavFor\": \"#lqd-image-gallery-f226672main-carousel\" }'>\n\n\t\t\t\t\t\t<div class=\"flickity-viewport pos-rel w-100 overflow-hidden\">\n\t\t\t\t\t\t\t<div class=\"flickity-slider d-flex w-100 h-100 pos-rel\" style=\"left: 0; transform: translateX(0%);\">\n\n\t\t\t\t\t\t\t\t\t\t\t\t\t\t\t\t<div class=\"carousel-item d-flex flex-column justify-content-center flex-auto has-one-child\">\n\t\t\t\t\t\t\t\t\t<div class=\"carousel-item-inner pos-rel w-100\">\n\t\t\t\t\t\t\t\t\t\t<div class=\"carousel-item-content pos-rel w-100\">\n\t\t\t\t\t\t\t\t\t\t\t<figure class=\"w-100 pos-rel\">\n\t\t\t\t\t\t\t\t\t\t\t\t<img loading=\"lazy\" decoding=\"async\" width=\"105\" height=\"70\" src=\"data:image\/svg+xml;charset=utf-8,%3Csvg xmlns%3D&#039;http%3A%2F%2Fwww.w3.org%2F2000%2Fsvg&#039; viewBox%3D&#039;0 0 1000 667&#039;%2F%3E\" class=\"w-100 h-100 objfit-cover objfit-center ld-lazyload\" alt=\"besprechung konferenzraum teilnehmer delegationsreise brasilien\" itemprop=\"image\" data-src=\"https:\/\/nectanet.de\/wp-content\/uploads\/2023\/11\/Bild-4_-BTG.jpg\" data-srcset=\"https:\/\/nectanet.de\/wp-content\/uploads\/2023\/11\/Bild-4_-BTG.jpg 1000w, https:\/\/nectanet.de\/wp-content\/uploads\/2023\/11\/Bild-4_-BTG-300x200.jpg 300w\" data-sizes=\"(max-width: 105px) 100vw, 105px\" data-aspect=\"1.4992503748126\" \/>\t\t\t\t\t\t\t\t\t\t\t<\/figure>\n\t\t\t\t\t\t\t\t\t\t<\/div>\n\t\t\t\t\t\t\t\t\t<\/div>\n\t\t\t\t\t\t\t\t<\/div>\n\t\t\t\t\t\t\t\t\t\t\t\t\t\t\t\t<div class=\"carousel-item d-flex flex-column justify-content-center flex-auto has-one-child\">\n\t\t\t\t\t\t\t\t\t<div class=\"carousel-item-inner pos-rel w-100\">\n\t\t\t\t\t\t\t\t\t\t<div class=\"carousel-item-content pos-rel w-100\">\n\t\t\t\t\t\t\t\t\t\t\t<figure class=\"w-100 pos-rel\">\n\t\t\t\t\t\t\t\t\t\t\t\t<img loading=\"lazy\" decoding=\"async\" width=\"105\" height=\"70\" src=\"data:image\/svg+xml;charset=utf-8,%3Csvg xmlns%3D&#039;http%3A%2F%2Fwww.w3.org%2F2000%2Fsvg&#039; viewBox%3D&#039;0 0 1000 667&#039;%2F%3E\" class=\"w-100 h-100 objfit-cover objfit-center ld-lazyload\" alt=\"gruppenbild teilnehmer delegationsreise brasilien\" itemprop=\"image\" data-src=\"https:\/\/nectanet.de\/wp-content\/uploads\/2023\/11\/Bild-2_RCGI.jpg\" data-srcset=\"https:\/\/nectanet.de\/wp-content\/uploads\/2023\/11\/Bild-2_RCGI.jpg 1000w, https:\/\/nectanet.de\/wp-content\/uploads\/2023\/11\/Bild-2_RCGI-300x200.jpg 300w\" data-sizes=\"(max-width: 105px) 100vw, 105px\" data-aspect=\"1.4992503748126\" \/>\t\t\t\t\t\t\t\t\t\t\t<\/figure>\n\t\t\t\t\t\t\t\t\t\t<\/div>\n\t\t\t\t\t\t\t\t\t<\/div>\n\t\t\t\t\t\t\t\t<\/div>\n\t\t\t\t\t\t\t\t\t\t\t\t\t\t\t\t<div class=\"carousel-item d-flex flex-column justify-content-center flex-auto has-one-child\">\n\t\t\t\t\t\t\t\t\t<div class=\"carousel-item-inner pos-rel w-100\">\n\t\t\t\t\t\t\t\t\t\t<div class=\"carousel-item-content pos-rel w-100\">\n\t\t\t\t\t\t\t\t\t\t\t<figure class=\"w-100 pos-rel\">\n\t\t\t\t\t\t\t\t\t\t\t\t<img loading=\"lazy\" decoding=\"async\" width=\"105\" height=\"70\" src=\"data:image\/svg+xml;charset=utf-8,%3Csvg xmlns%3D&#039;http%3A%2F%2Fwww.w3.org%2F2000%2Fsvg&#039; viewBox%3D&#039;0 0 1000 667&#039;%2F%3E\" class=\"w-100 h-100 objfit-cover objfit-center ld-lazyload\" alt=\"gruppenbild teilnehmer delegationsreise brasilien\" itemprop=\"image\" data-src=\"https:\/\/nectanet.de\/wp-content\/uploads\/2023\/11\/Bild-16_Governeur-von-Manaus.jpg\" data-srcset=\"https:\/\/nectanet.de\/wp-content\/uploads\/2023\/11\/Bild-16_Governeur-von-Manaus.jpg 1000w, https:\/\/nectanet.de\/wp-content\/uploads\/2023\/11\/Bild-16_Governeur-von-Manaus-300x200.jpg 300w\" data-sizes=\"(max-width: 105px) 100vw, 105px\" data-aspect=\"1.4992503748126\" \/>\t\t\t\t\t\t\t\t\t\t\t<\/figure>\n\t\t\t\t\t\t\t\t\t\t<\/div>\n\t\t\t\t\t\t\t\t\t<\/div>\n\t\t\t\t\t\t\t\t<\/div>\n\t\t\t\t\t\t\t\t\t\t\t\t\t\t\t\t<div class=\"carousel-item d-flex flex-column justify-content-center flex-auto has-one-child\">\n\t\t\t\t\t\t\t\t\t<div class=\"carousel-item-inner pos-rel w-100\">\n\t\t\t\t\t\t\t\t\t\t<div class=\"carousel-item-content pos-rel w-100\">\n\t\t\t\t\t\t\t\t\t\t\t<figure class=\"w-100 pos-rel\">\n\t\t\t\t\t\t\t\t\t\t\t\t<img loading=\"lazy\" decoding=\"async\" width=\"105\" height=\"70\" src=\"data:image\/svg+xml;charset=utf-8,%3Csvg xmlns%3D&#039;http%3A%2F%2Fwww.w3.org%2F2000%2Fsvg&#039; viewBox%3D&#039;0 0 1000 667&#039;%2F%3E\" class=\"w-100 h-100 objfit-cover objfit-center ld-lazyload\" alt=\"teilnehmer delehgationsreise brasilien beim botschafter thoms\" itemprop=\"image\" data-src=\"https:\/\/nectanet.de\/wp-content\/uploads\/2023\/11\/Bild-13-Botschafter_Thoms.jpg\" data-srcset=\"https:\/\/nectanet.de\/wp-content\/uploads\/2023\/11\/Bild-13-Botschafter_Thoms.jpg 1000w, https:\/\/nectanet.de\/wp-content\/uploads\/2023\/11\/Bild-13-Botschafter_Thoms-300x200.jpg 300w\" data-sizes=\"(max-width: 105px) 100vw, 105px\" data-aspect=\"1.4992503748126\" \/>\t\t\t\t\t\t\t\t\t\t\t<\/figure>\n\t\t\t\t\t\t\t\t\t\t<\/div>\n\t\t\t\t\t\t\t\t\t<\/div>\n\t\t\t\t\t\t\t\t<\/div>\n\t\t\t\t\t\t\t\t\n\t\t\t\t\t\t\t<\/div>\n\t\t\t\t\t\t<\/div>\n\t\t\t\t\t<\/div>\n\t\t\t\t<\/div>\n\n\t\t\t<\/div>\n\n\t\t<\/div>\n\n\t\t\t\t<\/div>\n\t\t\t\t<\/div>\n\t\t\t\t\t<\/div>\n\t\t\t\t<\/div>\n\t\t<div class=\"elementor-element elementor-element-4052caa e-flex e-con-boxed e-con e-parent\" data-id=\"4052caa\" data-element_type=\"container\">\n\t\t\t\t\t<div class=\"e-con-inner\">\n\t\t\t\t<div class=\"elementor-element elementor-element-9eb645c elementor-post-navigation-borders-yes elementor-widget elementor-widget-post-navigation\" data-id=\"9eb645c\" data-element_type=\"widget\" data-widget_type=\"post-navigation.default\">\n\t\t\t\t<div class=\"elementor-widget-container\">\n\t\t\t\t\t<div class=\"elementor-post-navigation\">\n\t\t\t<div class=\"elementor-post-navigation__prev elementor-post-navigation__link\">\n\t\t\t\t\t\t\t<\/div>\n\t\t\t\t\t\t\t<div class=\"elementor-post-navigation__separator-wrapper\">\n\t\t\t\t\t<div class=\"elementor-post-navigation__separator\"><\/div>\n\t\t\t\t<\/div>\n\t\t\t\t\t\t<div class=\"elementor-post-navigation__next elementor-post-navigation__link\">\n\t\t\t\t\t\t\t<\/div>\n\t\t<\/div>\n\t\t\t\t<\/div>\n\t\t\t\t<\/div>\n\t\t\t\t\t<\/div>\n\t\t\t\t<\/div>\n\t\t\t\t<\/div>\n\t\t","protected":false},"excerpt":{"rendered":"<p>Hidden champions strengthen the location Black Forest Power Region is one of the top 5 world market leader regions according to the study The Black Forest Power Region is excellent: this is the result of a study by Dortmund University of Applied Sciences and Arts, which was commissioned by the regional business development agency nectanet. [&hellip;]<\/p>\n","protected":false},"author":7,"featured_media":28536,"comment_status":"closed","ping_status":"closed","sticky":false,"template":"","format":"standard","meta":{"_acf_changed":false,"footnotes":""},"categories":[],"tags":[],"class_list":["post-29163","post","type-post","status-publish","format-standard","has-post-thumbnail","hentry"],"acf":[],"aioseo_notices":[],"_links":{"self":[{"href":"https:\/\/nectanet.de\/en\/wp-json\/wp\/v2\/posts\/29163","targetHints":{"allow":["GET"]}}],"collection":[{"href":"https:\/\/nectanet.de\/en\/wp-json\/wp\/v2\/posts"}],"about":[{"href":"https:\/\/nectanet.de\/en\/wp-json\/wp\/v2\/types\/post"}],"author":[{"embeddable":true,"href":"https:\/\/nectanet.de\/en\/wp-json\/wp\/v2\/users\/7"}],"replies":[{"embeddable":true,"href":"https:\/\/nectanet.de\/en\/wp-json\/wp\/v2\/comments?post=29163"}],"version-history":[{"count":3,"href":"https:\/\/nectanet.de\/en\/wp-json\/wp\/v2\/posts\/29163\/revisions"}],"predecessor-version":[{"id":29169,"href":"https:\/\/nectanet.de\/en\/wp-json\/wp\/v2\/posts\/29163\/revisions\/29169"}],"wp:featuredmedia":[{"embeddable":true,"href":"https:\/\/nectanet.de\/en\/wp-json\/wp\/v2\/media\/28536"}],"wp:attachment":[{"href":"https:\/\/nectanet.de\/en\/wp-json\/wp\/v2\/media?parent=29163"}],"wp:term":[{"taxonomy":"category","embeddable":true,"href":"https:\/\/nectanet.de\/en\/wp-json\/wp\/v2\/categories?post=29163"},{"taxonomy":"post_tag","embeddable":true,"href":"https:\/\/nectanet.de\/en\/wp-json\/wp\/v2\/tags?post=29163"}],"curies":[{"name":"wp","href":"https:\/\/api.w.org\/{rel}","templated":true}]}}